{"id":373,"date":"2025-09-01T06:42:45","date_gmt":"2025-09-01T06:42:45","guid":{"rendered":"https:\/\/ivorycoastfashiontexpo.com\/?p=373"},"modified":"2025-09-01T06:42:45","modified_gmt":"2025-09-01T06:42:45","slug":"ivory-coast-fashion-expo-where-heritage-meets-the-future-of-fashion","status":"publish","type":"post","link":"https:\/\/ivorycoastfashiontexpo.com\/fr\/ivory-coast-fashion-expo-where-heritage-meets-the-future-of-fashion\/","title":{"rendered":"Exposition de mode en C\u00f4te d'Ivoire : Quand le patrimoine rencontre l'avenir de la mode"},"content":{"rendered":"<p>La sc\u00e8ne de la mode en Afrique de l'Ouest est en plein essor, et nulle part ailleurs elle n'est plus excitante qu'\u00e0 l'occasion de l'inauguration de l'Institut de l'Afrique de l'Ouest. <strong><a href=\"https:\/\/ivorycoastfashiontexpo.com\/fr\/\" data-type=\"page\" data-id=\"2\">Exposition de mode en C\u00f4te d'Ivoire<\/a><\/strong>, en cours <strong>Du 16 au 18 avril 2026<\/strong>, en <strong>Le Parc des Expositions d'Abidjan<\/strong>. L'\u00e9v\u00e9nement promet d'\u00eatre le premier salon international de la mode, du textile, de la chaussure et des accessoires en Afrique de l'Ouest, r\u00e9unissant des cr\u00e9ateurs, des fabricants et des professionnels de l'industrie du monde entier sur l'un des march\u00e9s \u00e0 la croissance la plus rapide de la r\u00e9gion.<\/p>\n\n\n\n<h3 class=\"wp-block-heading\"><strong><mark style=\"background-color:rgba(0, 0, 0, 0);color:#beee5e\" class=\"has-inline-color\">Une convergence de patrimoine et d'innovation<\/mark><\/strong><\/h3>\n\n\n\n<figure class=\"wp-block-gallery has-nested-images columns-default is-cropped wp-block-gallery-1 is-layout-flex wp-block-gallery-is-layout-flex\">\n<figure class=\"wp-block-image size-large\"><img fetchpriority=\"high\" decoding=\"async\" width=\"796\" height=\"1024\" data-id=\"375\" src=\"https:\/\/ivorycoastfashiontexpo.com\/wp-content\/uploads\/2025\/09\/freepik__the-style-is-candid-image-photography-with-natural__89072-796x1024.png\" alt=\"\" class=\"wp-image-375\" srcset=\"https:\/\/ivorycoastfashiontexpo.com\/wp-content\/uploads\/2025\/09\/freepik__the-style-is-candid-image-photography-with-natural__89072-796x1024.png 796w, https:\/\/ivorycoastfashiontexpo.com\/wp-content\/uploads\/2025\/09\/freepik__the-style-is-candid-image-photography-with-natural__89072-233x300.png 233w, https:\/\/ivorycoastfashiontexpo.com\/wp-content\/uploads\/2025\/09\/freepik__the-style-is-candid-image-photography-with-natural__89072-768x987.png 768w, https:\/\/ivorycoastfashiontexpo.com\/wp-content\/uploads\/2025\/09\/freepik__the-style-is-candid-image-photography-with-natural__89072.png 896w\" sizes=\"(max-width: 796px) 100vw, 796px\" \/><\/figure>\n\n\n\n<figure class=\"wp-block-image size-large\"><img decoding=\"async\" width=\"796\" height=\"1024\" data-id=\"376\" src=\"https:\/\/ivorycoastfashiontexpo.com\/wp-content\/uploads\/2025\/09\/freepik__the-style-is-candid-image-photography-with-natural__89073-796x1024.png\" alt=\"\" class=\"wp-image-376\" srcset=\"https:\/\/ivorycoastfashiontexpo.com\/wp-content\/uploads\/2025\/09\/freepik__the-style-is-candid-image-photography-with-natural__89073-796x1024.png 796w, https:\/\/ivorycoastfashiontexpo.com\/wp-content\/uploads\/2025\/09\/freepik__the-style-is-candid-image-photography-with-natural__89073-233x300.png 233w, https:\/\/ivorycoastfashiontexpo.com\/wp-content\/uploads\/2025\/09\/freepik__the-style-is-candid-image-photography-with-natural__89073-768x987.png 768w, https:\/\/ivorycoastfashiontexpo.com\/wp-content\/uploads\/2025\/09\/freepik__the-style-is-candid-image-photography-with-natural__89073.png 896w\" sizes=\"(max-width: 796px) 100vw, 796px\" \/><\/figure>\n<\/figure>\n\n\n\n<p>Le secteur de la mode en C\u00f4te d'Ivoire offre des perspectives uniques : il s'agit d'un m\u00e9lange dynamique de design africain traditionnel et d'esth\u00e9tique contemporaine. Soutenu par les opportunit\u00e9s commerciales r\u00e9gionales, telles que la Zone de libre-\u00e9change continentale africaine (ZLECA), le march\u00e9 est de plus en plus attractif pour les marques de mode avant-gardistes.<\/p>\n\n\n\n<h4 class=\"wp-block-heading\"><strong><mark style=\"background-color:rgba(0, 0, 0, 0);color:#beee5e\" class=\"has-inline-color\">L'importance de cette exposition<\/mark><\/strong><\/h4>\n\n\n\n<ul class=\"wp-block-list\">\n<li><strong>Acc\u00e8s strat\u00e9gique<\/strong>: La C\u00f4te d'Ivoire devient rapidement une porte d'entr\u00e9e pour le commerce de la mode en Afrique de l'Ouest.<\/li>\n\n\n\n<li><strong>Demande \u00e9mergente<\/strong>: La croissance du secteur est aliment\u00e9e par une population jeune et avide de style, ainsi que par l'app\u00e9tit croissant de la classe moyenne pour le pr\u00eat-\u00e0-porter, les textiles haut de gamme et les chaussures de qualit\u00e9.<\/li>\n\n\n\n<li><strong>Expression culturelle<\/strong>: L'exposition montre comment la mode moderne peut mettre en valeur le patrimoine, en fusionnant les cr\u00e9ations avec l'identit\u00e9 et l'artisanat locaux, tout en s'adressant aux consommateurs du monde entier.<\/li>\n<\/ul>\n\n\n\n<h4 class=\"wp-block-heading\"><strong><mark style=\"background-color:rgba(0, 0, 0, 0);color:#beee5e\" class=\"has-inline-color\">Coup de projecteur sur le style local : <em>L\u00eak\u00ea<\/em> et <em>Awoulaba<\/em><\/mark><\/strong><\/h4>\n\n\n\n<ul class=\"wp-block-list\">\n<li><strong>L\u00eak\u00ea<\/strong>: Ces sandales en plastique embl\u00e9matiques sont un incontournable en C\u00f4te d'Ivoire - des terrains de football sablonneux au style de la rue, et m\u00eame au commentaire de mode. Devenues rapidement un symbole culturel, elles sont l\u00e9g\u00e8res, abordables et profond\u00e9ment ancr\u00e9es dans la vie quotidienne.<\/li>\n\n\n\n<li><strong>Awoulaba<\/strong>: C\u00e9l\u00e9brant les id\u00e9aux de beaut\u00e9 ivoiriens, \"Awoulaba\" fait r\u00e9f\u00e9rence aux femmes aux courbes gracieuses et au type de corps audacieux admir\u00e9 dans tout le pays. Des mannequins locaux mettant en valeur cette forme peuvent \u00eatre vus dans de nombreuses boutiques d'Abidjan, un reflet puissant de la fiert\u00e9 culturelle dans la diversit\u00e9.<\/li>\n<\/ul>\n\n\n\n<figure class=\"wp-block-gallery has-nested-images columns-default is-cropped wp-block-gallery-2 is-layout-flex wp-block-gallery-is-layout-flex\">\n<figure class=\"wp-block-image size-large\"><img decoding=\"async\" width=\"796\" height=\"1024\" data-id=\"385\" src=\"https:\/\/ivorycoastfashiontexpo.com\/wp-content\/uploads\/2025\/09\/freepik__the-style-is-candid-image-photography-with-natural__89075-796x1024.png\" alt=\"\" class=\"wp-image-385\" srcset=\"https:\/\/ivorycoastfashiontexpo.com\/wp-content\/uploads\/2025\/09\/freepik__the-style-is-candid-image-photography-with-natural__89075-796x1024.png 796w, https:\/\/ivorycoastfashiontexpo.com\/wp-content\/uploads\/2025\/09\/freepik__the-style-is-candid-image-photography-with-natural__89075-233x300.png 233w, https:\/\/ivorycoastfashiontexpo.com\/wp-content\/uploads\/2025\/09\/freepik__the-style-is-candid-image-photography-with-natural__89075-768x987.png 768w, https:\/\/ivorycoastfashiontexpo.com\/wp-content\/uploads\/2025\/09\/freepik__the-style-is-candid-image-photography-with-natural__89075.png 896w\" sizes=\"(max-width: 796px) 100vw, 796px\" \/><\/figure>\n\n\n\n<figure class=\"wp-block-image size-large\"><img loading=\"lazy\" decoding=\"async\" width=\"796\" height=\"1024\" data-id=\"386\" src=\"https:\/\/ivorycoastfashiontexpo.com\/wp-content\/uploads\/2025\/09\/freepik__the-style-is-candid-image-photography-with-natural__89074-796x1024.png\" alt=\"\" class=\"wp-image-386\" srcset=\"https:\/\/ivorycoastfashiontexpo.com\/wp-content\/uploads\/2025\/09\/freepik__the-style-is-candid-image-photography-with-natural__89074-796x1024.png 796w, https:\/\/ivorycoastfashiontexpo.com\/wp-content\/uploads\/2025\/09\/freepik__the-style-is-candid-image-photography-with-natural__89074-233x300.png 233w, https:\/\/ivorycoastfashiontexpo.com\/wp-content\/uploads\/2025\/09\/freepik__the-style-is-candid-image-photography-with-natural__89074-768x987.png 768w, https:\/\/ivorycoastfashiontexpo.com\/wp-content\/uploads\/2025\/09\/freepik__the-style-is-candid-image-photography-with-natural__89074.png 896w\" sizes=\"(max-width: 796px) 100vw, 796px\" \/><\/figure>\n\n\n\n<figure class=\"wp-block-image size-large\"><img loading=\"lazy\" decoding=\"async\" width=\"796\" height=\"1024\" data-id=\"387\" src=\"https:\/\/ivorycoastfashiontexpo.com\/wp-content\/uploads\/2025\/09\/freepik__the-style-is-candid-image-photography-with-natural__89076-796x1024.png\" alt=\"\" class=\"wp-image-387\" srcset=\"https:\/\/ivorycoastfashiontexpo.com\/wp-content\/uploads\/2025\/09\/freepik__the-style-is-candid-image-photography-with-natural__89076-796x1024.png 796w, https:\/\/ivorycoastfashiontexpo.com\/wp-content\/uploads\/2025\/09\/freepik__the-style-is-candid-image-photography-with-natural__89076-233x300.png 233w, https:\/\/ivorycoastfashiontexpo.com\/wp-content\/uploads\/2025\/09\/freepik__the-style-is-candid-image-photography-with-natural__89076-768x987.png 768w, https:\/\/ivorycoastfashiontexpo.com\/wp-content\/uploads\/2025\/09\/freepik__the-style-is-candid-image-photography-with-natural__89076.png 896w\" sizes=\"(max-width: 796px) 100vw, 796px\" \/><\/figure>\n<\/figure>\n\n\n\n<h4 class=\"wp-block-heading\"><strong><mark style=\"background-color:rgba(0, 0, 0, 0);color:#beee5e\" class=\"has-inline-color\">Lignes de tendance et contexte mondial de la mode<\/mark><\/strong><\/h4>\n\n\n\n<ul class=\"wp-block-list\">\n<li><strong>\u00c9chos des d\u00e9fil\u00e9s contemporains<\/strong>: Les tendances telles que la dentelle romantique, les textures audacieuses et les silhouettes nostalgiques - vues r\u00e9cemment \u00e0 la Semaine de la mode de Copenhague - trouvent un \u00e9cho dans l'histoire du design ivoirien. Les tissus complexes et les d\u00e9tails artisanaux s'alignent parfaitement sur les sensibilit\u00e9s locales.<\/li>\n\n\n\n<li><strong>Mode num\u00e9rique et d\u00e9veloppement durable<\/strong>: Avec l'\u00e9volution num\u00e9rique de la mode gr\u00e2ce aux NFT, aux essayages virtuels et aux innovations durables, la C\u00f4te d'Ivoire peut se positionner comme un pays \u00e0 la fois ax\u00e9 sur le patrimoine et pr\u00eat pour l'avenir.<\/li>\n<\/ul>\n\n\n\n<figure class=\"wp-block-gallery has-nested-images columns-default is-cropped wp-block-gallery-3 is-layout-flex wp-block-gallery-is-layout-flex\">\n<figure class=\"wp-block-image size-large\"><img loading=\"lazy\" decoding=\"async\" width=\"796\" height=\"1024\" data-id=\"395\" src=\"https:\/\/ivorycoastfashiontexpo.com\/wp-content\/uploads\/2025\/09\/freepik__the-style-is-candid-image-photography-with-natural__89077-796x1024.png\" alt=\"\" class=\"wp-image-395\" srcset=\"https:\/\/ivorycoastfashiontexpo.com\/wp-content\/uploads\/2025\/09\/freepik__the-style-is-candid-image-photography-with-natural__89077-796x1024.png 796w, https:\/\/ivorycoastfashiontexpo.com\/wp-content\/uploads\/2025\/09\/freepik__the-style-is-candid-image-photography-with-natural__89077-233x300.png 233w, https:\/\/ivorycoastfashiontexpo.com\/wp-content\/uploads\/2025\/09\/freepik__the-style-is-candid-image-photography-with-natural__89077-768x987.png 768w, https:\/\/ivorycoastfashiontexpo.com\/wp-content\/uploads\/2025\/09\/freepik__the-style-is-candid-image-photography-with-natural__89077.png 896w\" sizes=\"(max-width: 796px) 100vw, 796px\" \/><\/figure>\n\n\n\n<figure class=\"wp-block-image size-large\"><img loading=\"lazy\" decoding=\"async\" width=\"796\" height=\"1024\" data-id=\"396\" src=\"https:\/\/ivorycoastfashiontexpo.com\/wp-content\/uploads\/2025\/09\/freepik__the-style-is-candid-image-photography-with-natural__89079-796x1024.png\" alt=\"\" class=\"wp-image-396\" srcset=\"https:\/\/ivorycoastfashiontexpo.com\/wp-content\/uploads\/2025\/09\/freepik__the-style-is-candid-image-photography-with-natural__89079-796x1024.png 796w, https:\/\/ivorycoastfashiontexpo.com\/wp-content\/uploads\/2025\/09\/freepik__the-style-is-candid-image-photography-with-natural__89079-233x300.png 233w, https:\/\/ivorycoastfashiontexpo.com\/wp-content\/uploads\/2025\/09\/freepik__the-style-is-candid-image-photography-with-natural__89079-768x987.png 768w, https:\/\/ivorycoastfashiontexpo.com\/wp-content\/uploads\/2025\/09\/freepik__the-style-is-candid-image-photography-with-natural__89079.png 896w\" sizes=\"(max-width: 796px) 100vw, 796px\" \/><\/figure>\n\n\n\n<figure class=\"wp-block-image size-large\"><img loading=\"lazy\" decoding=\"async\" width=\"796\" height=\"1024\" data-id=\"394\" src=\"https:\/\/ivorycoastfashiontexpo.com\/wp-content\/uploads\/2025\/09\/freepik__the-style-is-candid-image-photography-with-natural__89080-796x1024.png\" alt=\"\" class=\"wp-image-394\" srcset=\"https:\/\/ivorycoastfashiontexpo.com\/wp-content\/uploads\/2025\/09\/freepik__the-style-is-candid-image-photography-with-natural__89080-796x1024.png 796w, https:\/\/ivorycoastfashiontexpo.com\/wp-content\/uploads\/2025\/09\/freepik__the-style-is-candid-image-photography-with-natural__89080-233x300.png 233w, https:\/\/ivorycoastfashiontexpo.com\/wp-content\/uploads\/2025\/09\/freepik__the-style-is-candid-image-photography-with-natural__89080-768x987.png 768w, https:\/\/ivorycoastfashiontexpo.com\/wp-content\/uploads\/2025\/09\/freepik__the-style-is-candid-image-photography-with-natural__89080.png 896w\" sizes=\"(max-width: 796px) 100vw, 796px\" \/><\/figure>\n<\/figure>\n\n\n\n<h4 class=\"wp-block-heading\"><strong><mark style=\"background-color:rgba(0, 0, 0, 0);color:#beee5e\" class=\"has-inline-color\">Ce que l'on peut attendre de l'Expo<\/mark><\/strong><\/h4>\n\n\n\n<ul class=\"wp-block-list\">\n<li>Une vitrine de <strong>marques locales et mondiales<\/strong> qui allie la tradition \u00e0 une cr\u00e9ativit\u00e9 \u00e0 la pointe de la technologie.<\/li>\n\n\n\n<li><strong>Textiles, accessoires, chaussures<\/strong>Les visiteurs peuvent y d\u00e9couvrir, sous un m\u00eame toit, des \u0153uvres d'art et un riche artisanat culturel.<\/li>\n\n\n\n<li><strong>Concentrateurs de r\u00e9seau<\/strong> pour les acheteurs, les cr\u00e9ateurs et les fabricants de textiles dans une r\u00e9gion en plein essor.<\/li>\n<\/ul>\n\n\n\n<h4 class=\"wp-block-heading\"><strong><mark style=\"background-color:rgba(0, 0, 0, 0);color:#beee5e\" class=\"has-inline-color\">Pourquoi vous devriez \u00eatre \u00e0 l'\u00e9coute<\/mark><\/strong><\/h4>\n\n\n\n<ul class=\"wp-block-list\">\n<li><strong>Acheteurs et d\u00e9taillants de mode<\/strong>: D\u00e9couvrez de nouveaux fournisseurs et des collections uniques fabriqu\u00e9es en C\u00f4te d'Ivoire pour \u00e9largir votre offre.<\/li>\n\n\n\n<li><strong>Designers et cr\u00e9atifs<\/strong>: Laissez-vous inspirer par des r\u00e9cits de design frais, enracin\u00e9s dans la culture, mais d'une \u00e9l\u00e9gance universelle.<\/li>\n\n\n\n<li><strong>Les passionn\u00e9s de mode<\/strong>: D\u00e9couvrez comment la mode sert \u00e0 la fois d'expression personnelle et de r\u00e9cit culturel en Afrique de l'Ouest.<\/li>\n<\/ul>\n\n\n\n<figure class=\"wp-block-gallery has-nested-images columns-default is-cropped wp-block-gallery-4 is-layout-flex wp-block-gallery-is-layout-flex\">\n<figure class=\"wp-block-image size-large\"><img loading=\"lazy\" decoding=\"async\" width=\"796\" height=\"1024\" data-id=\"400\" src=\"https:\/\/ivorycoastfashiontexpo.com\/wp-content\/uploads\/2025\/09\/freepik__the-style-is-candid-image-photography-with-natural__89081-796x1024.png\" alt=\"\" class=\"wp-image-400\" srcset=\"https:\/\/ivorycoastfashiontexpo.com\/wp-content\/uploads\/2025\/09\/freepik__the-style-is-candid-image-photography-with-natural__89081-796x1024.png 796w, https:\/\/ivorycoastfashiontexpo.com\/wp-content\/uploads\/2025\/09\/freepik__the-style-is-candid-image-photography-with-natural__89081-233x300.png 233w, https:\/\/ivorycoastfashiontexpo.com\/wp-content\/uploads\/2025\/09\/freepik__the-style-is-candid-image-photography-with-natural__89081-768x987.png 768w, https:\/\/ivorycoastfashiontexpo.com\/wp-content\/uploads\/2025\/09\/freepik__the-style-is-candid-image-photography-with-natural__89081.png 896w\" sizes=\"(max-width: 796px) 100vw, 796px\" \/><\/figure>\n\n\n\n<figure class=\"wp-block-image size-large\"><img loading=\"lazy\" decoding=\"async\" width=\"796\" height=\"1024\" data-id=\"402\" src=\"https:\/\/ivorycoastfashiontexpo.com\/wp-content\/uploads\/2025\/09\/freepik__the-style-is-candid-image-photography-with-natural__89083-796x1024.png\" alt=\"\" class=\"wp-image-402\" srcset=\"https:\/\/ivorycoastfashiontexpo.com\/wp-content\/uploads\/2025\/09\/freepik__the-style-is-candid-image-photography-with-natural__89083-796x1024.png 796w, https:\/\/ivorycoastfashiontexpo.com\/wp-content\/uploads\/2025\/09\/freepik__the-style-is-candid-image-photography-with-natural__89083-233x300.png 233w, https:\/\/ivorycoastfashiontexpo.com\/wp-content\/uploads\/2025\/09\/freepik__the-style-is-candid-image-photography-with-natural__89083-768x987.png 768w, https:\/\/ivorycoastfashiontexpo.com\/wp-content\/uploads\/2025\/09\/freepik__the-style-is-candid-image-photography-with-natural__89083.png 896w\" sizes=\"(max-width: 796px) 100vw, 796px\" \/><\/figure>\n\n\n\n<figure class=\"wp-block-image size-large\"><img loading=\"lazy\" decoding=\"async\" width=\"796\" height=\"1024\" data-id=\"401\" src=\"https:\/\/ivorycoastfashiontexpo.com\/wp-content\/uploads\/2025\/09\/freepik__the-style-is-candid-image-photography-with-natural__89084-796x1024.png\" alt=\"\" class=\"wp-image-401\" srcset=\"https:\/\/ivorycoastfashiontexpo.com\/wp-content\/uploads\/2025\/09\/freepik__the-style-is-candid-image-photography-with-natural__89084-796x1024.png 796w, https:\/\/ivorycoastfashiontexpo.com\/wp-content\/uploads\/2025\/09\/freepik__the-style-is-candid-image-photography-with-natural__89084-233x300.png 233w, https:\/\/ivorycoastfashiontexpo.com\/wp-content\/uploads\/2025\/09\/freepik__the-style-is-candid-image-photography-with-natural__89084-768x987.png 768w, https:\/\/ivorycoastfashiontexpo.com\/wp-content\/uploads\/2025\/09\/freepik__the-style-is-candid-image-photography-with-natural__89084.png 896w\" sizes=\"(max-width: 796px) 100vw, 796px\" \/><\/figure>\n<\/figure>\n\n\n\n<p>Le <strong><mark style=\"background-color:rgba(0, 0, 0, 0);color:#f438b9\" class=\"has-inline-color\">Exposition de mode de C\u00f4te d'Ivoire 2026<\/mark><\/strong> n'est pas seulement une exposition, c'est un mouvement. Elle capture la convergence de la fiert\u00e9 culturelle, de l'innovation en mati\u00e8re de design et des opportunit\u00e9s mondiales. Que vous soyez un observateur de tendances, un initi\u00e9 de l'industrie ou un passionn\u00e9 de culture, c'est ici que se dessine l'avenir de la mode africaine.<\/p>","protected":false},"excerpt":{"rendered":"<p>La sc\u00e8ne de la mode en Afrique de l'Ouest est en plein essor, et nulle part ailleurs cela n'est plus excitant qu'\u00e0 l'Ivory Coast Fashion Expo, qui aura lieu du 16 au 18 avril 2026, au Parc des Expositions d'Abidjan. L'\u00e9v\u00e9nement promet d'\u00eatre le premier salon international de la mode, du textile, de la chaussure et des accessoires en Afrique de l'Ouest, r\u00e9unissant des cr\u00e9ateurs, des fabricants et des professionnels de l'industrie du monde entier dans l'un des march\u00e9s \u00e0 la croissance la plus rapide de la r\u00e9gion.<\/p>","protected":false},"author":3,"featured_media":403,"comment_status":"open","ping_status":"open","sticky":false,"template":"","format":"standard","meta":{"site-sidebar-layout":"default","site-content-layout":"","ast-site-content-layout":"default","site-content-style":"default","site-sidebar-style":"default","ast-global-header-display":"","ast-banner-title-visibility":"","ast-main-header-display":"","ast-hfb-above-header-display":"","ast-hfb-below-header-display":"","ast-hfb-mobile-header-display":"","site-post-title":"","ast-breadcrumbs-content":"","ast-featured-img":"","footer-sml-layout":"","ast-disable-related-posts":"","theme-transparent-header-meta":"","adv-header-id-meta":"","stick-header-meta":"","header-above-stick-meta":"","header-main-stick-meta":"","header-below-stick-meta":"","astra-migrate-meta-layouts":"default","ast-page-background-enabled":"default","ast-page-background-meta":{"desktop":{"background-color":"var(--ast-global-color-5)","background-image":"","background-repeat":"repeat","background-position":"center center","background-size":"auto","background-attachment":"scroll","background-type":"","background-media":"","overlay-type":"","overlay-color":"","overlay-opacity":"","overlay-gradient":""},"tablet":{"background-color":"","background-image":"","background-repeat":"repeat","background-position":"center center","background-size":"auto","background-attachment":"scroll","background-type":"","background-media":"","overlay-type":"","overlay-color":"","overlay-opacity":"","overlay-gradient":""},"mobile":{"background-color":"","background-image":"","background-repeat":"repeat","background-position":"center center","background-size":"auto","background-attachment":"scroll","background-type":"","background-media":"","overlay-type":"","overlay-color":"","overlay-opacity":"","overlay-gradient":""}},"ast-content-background-meta":{"desktop":{"background-color":"var(--ast-global-color-4)","background-image":"","background-repeat":"repeat","background-position":"center center","background-size":"auto","background-attachment":"scroll","background-type":"","background-media":"","overlay-type":"","overlay-color":"","overlay-opacity":"","overlay-gradient":""},"tablet":{"background-color":"var(--ast-global-color-4)","background-image":"","background-repeat":"repeat","background-position":"center center","background-size":"auto","background-attachment":"scroll","background-type":"","background-media":"","overlay-type":"","overlay-color":"","overlay-opacity":"","overlay-gradient":""},"mobile":{"background-color":"var(--ast-global-color-4)","background-image":"","background-repeat":"repeat","background-position":"center center","background-size":"auto","background-attachment":"scroll","background-type":"","background-media":"","overlay-type":"","overlay-color":"","overlay-opacity":"","overlay-gradient":""}},"footnotes":""},"categories":[1],"tags":[],"class_list":["post-373","post","type-post","status-publish","format-standard","has-post-thumbnail","hentry","category-uncategorized"],"_links":{"self":[{"href":"https:\/\/ivorycoastfashiontexpo.com\/fr\/wp-json\/wp\/v2\/posts\/373","targetHints":{"allow":["GET"]}}],"collection":[{"href":"https:\/\/ivorycoastfashiontexpo.com\/fr\/wp-json\/wp\/v2\/posts"}],"about":[{"href":"https:\/\/ivorycoastfashiontexpo.com\/fr\/wp-json\/wp\/v2\/types\/post"}],"author":[{"embeddable":true,"href":"https:\/\/ivorycoastfashiontexpo.com\/fr\/wp-json\/wp\/v2\/users\/3"}],"replies":[{"embeddable":true,"href":"https:\/\/ivorycoastfashiontexpo.com\/fr\/wp-json\/wp\/v2\/comments?post=373"}],"version-history":[{"count":1,"href":"https:\/\/ivorycoastfashiontexpo.com\/fr\/wp-json\/wp\/v2\/posts\/373\/revisions"}],"predecessor-version":[{"id":404,"href":"https:\/\/ivorycoastfashiontexpo.com\/fr\/wp-json\/wp\/v2\/posts\/373\/revisions\/404"}],"wp:featuredmedia":[{"embeddable":true,"href":"https:\/\/ivorycoastfashiontexpo.com\/fr\/wp-json\/wp\/v2\/media\/403"}],"wp:attachment":[{"href":"https:\/\/ivorycoastfashiontexpo.com\/fr\/wp-json\/wp\/v2\/media?parent=373"}],"wp:term":[{"taxonomy":"category","embeddable":true,"href":"https:\/\/ivorycoastfashiontexpo.com\/fr\/wp-json\/wp\/v2\/categories?post=373"},{"taxonomy":"post_tag","embeddable":true,"href":"https:\/\/ivorycoastfashiontexpo.com\/fr\/wp-json\/wp\/v2\/tags?post=373"}],"curies":[{"name":"wp","href":"https:\/\/api.w.org\/{rel}","templated":true}]}}